{"id":95,"date":"2021-06-10T08:39:54","date_gmt":"2021-06-10T06:39:54","guid":{"rendered":"https:\/\/christlich-verliebt.de\/magazin\/?p=95"},"modified":"2025-08-18T16:40:06","modified_gmt":"2025-08-18T14:40:06","slug":"advent","status":"publish","type":"post","link":"https:\/\/christlich-verliebt.de\/magazin\/advent\/","title":{"rendered":"Advent &#8211; Bedeutung und Ursprung der Adventszeit"},"content":{"rendered":"<p>Der Advent beginnt mit dem Entz\u00fcnden der ersten Kerze am Adventkranz und erreicht seinen H\u00f6hepunkt am 24. Dezember, dem Tag der Geburt Jesu. Aber wie bereiten sich weltweit <a title=\"Wie viele Christen gibt es auf der Welt?\" href=\"https:\/\/christlich-verliebt.de\/magazin\/wie-viele-christen-gibt-es\/\">Christinnen und Christen<\/a> auf die Ankunft des Herrn vor, wer kennt die Definition und wann ist der 1. Advent?<\/p>\n<h2>Advent \u2013 Definition der stillsten Zeit im Jahr<\/h2>\n<p>Das Wort Advent stammt aus dem Lateinischen und bedeutet Ankunft oder Zeit der freudigen Erwartung. Am 1. Advent beginnt die kirchliche Vorbereitungszeit auf die Ankunft Jesu und die Zeit der Einkehr und Bu\u00dfe. Laut Definition soll die Adventzeit eine Zeit der Stille und Besinnung sein. Weltliches Vergn\u00fcgen, wie Tanzen oder Heiraten, war fr\u00fcher streng untersagt. Vier Kerzen sind am Adventkranz, f\u00fcr jeden Sonntag eine. Doch wann ist der 1. Advent? Ein Blick in den Kalender zeigt, dass der erste Adventsonntag der Sonntag nach dem 26. November ist und mit dem 1. Advent eine kleine Fastenzeit beginnt.<\/p>\n<p><iframe loading=\"lazy\" title=\"YouTube video player\" src=\"https:\/\/www.youtube.com\/embed\/JfCRIw1Esy8\" width=\"560\" height=\"315\" frameborder=\"0\" allowfullscreen=\"allowfullscreen\"><\/iframe><\/p>\n<h2>Vier Wochen Vorbereitung auf das Weihnachtsfest<\/h2>\n<p>Die ersten Spuren der Adventliturgie gibt es bereits im 5. Jahrhundert. Beten, <a href=\"https:\/\/christlich-verliebt.de\/magazin\/fastenzeit\/\">Fasten<\/a> und gute Werke sind dabei die wichtigsten Grunds\u00e4tze. Der Adventkranz k\u00fcndigt das N\u00e4herr\u00fccken des Festtages an. Es ist ein sch\u00f6ner Brauch, der erst in neuer Zeit eingef\u00fchrt wurde. Der eigentliche Erfinder des Adventkranzes ist der Theologe Johann Heinrich Wichern, der von 1808 bis 1881 lebte. Bereits um 1840 hat er t\u00e4glich zur Adventandacht in einem Waisenhaus ein neues Licht auf dem Kronleuchter angez\u00fcndet. Heute ist es Brauch, an jedem der vier Adventsonntagen eine Kerze mehr am Adventkranz anzuz\u00fcnden. Der somit immer heller werdende Kerzenschein ist <a href=\"https:\/\/christlich-verliebt.de\/magazin\/christliche-symbole\/\">Symbol<\/a> f\u00fcr das wachsende Licht, die Ankunft Christi, unserem Erl\u00f6ser. Durch die \u00dcbernahme des Adventkranzes durch die katholische Kirche gewann der Kranz immer mehr an Bedeutung und erlebte eine weite Verbreitung. Die Aufnahme des Adventkranzes in die katholische Kirche dokumentieren vor allem die Adventkranzweihen, die entweder am Vorabend des ersten Adventsonntages oder nach der Fr\u00fchmesse direkt am ersten Adventsonntag stattfinden.<\/p>\n<p>Der Adventkranz unterliegt Trends und muss immer \u00f6fter dem momentanen Zeitgeist entsprechen. Es ist unglaublich, wie viele Formen und unterschiedliche Kerzenfarben es gibt. Die klassische Form aber ist ein Kranz aus gr\u00fcnem Tannenzweigen, versehen mit drei violetten Kerzen sowie einer rosa Kerze. Geschm\u00fcckt wird der Adventkranz traditionell mit einem violetten Band. Weit verbreitet ist auch ein Kranz mit vier roten Kerzen und roten B\u00e4ndern. Die Auswahl dieser Farben ist nicht zuf\u00e4llig entstanden, sondern hat ihren Ursprung in der Farbsymbolik der kirchlichen Liturgie. Die Farbe Violett symbolisiert die Erwartung und Vorbereitung, die Farbe Rosa ist ein Symbol der Freude.<\/p>\n<h2>Die vier Adventsonntage haben unterschiedliche Bedeutungen<\/h2>\n<p><img loading=\"lazy\" decoding=\"async\" class=\" wp-image-97 alignleft\" src=\"https:\/\/christlich-verliebt.de\/magazin\/wp-content\/uploads\/2021\/06\/der-1.-Advent-e1623307024389.jpg\" alt=\"\" width=\"261\" height=\"178\" srcset=\"https:\/\/christlich-verliebt.de\/magazin\/wp-content\/uploads\/2021\/06\/der-1.-Advent-e1623307024389.jpg 309w, https:\/\/christlich-verliebt.de\/magazin\/wp-content\/uploads\/2021\/06\/der-1.-Advent-e1623307024389-300x205.jpg 300w\" sizes=\"auto, (max-width: 261px) 100vw, 261px\" \/><\/p>\n<p>Am 1. Advent wird der Wiederkunft Christi am J\u00fcngsten Tag gedacht und die erste Kerze am Adventkranz entz\u00fcndet. Bereits wenige Tage danach gedenken Katholiken am 4. Dezember der heiligen Barbara, die von ihrem eigenen Vater verraten und gefangen genommen wurde und f\u00fcr ihren Glauben starb.<\/p>\n<p><img loading=\"lazy\" decoding=\"async\" class=\"alignright wp-image-98\" src=\"https:\/\/christlich-verliebt.de\/magazin\/wp-content\/uploads\/2021\/06\/der-2.-Advent-e1623307177463.jpg\" alt=\"Der 2. Adventsonntag\" width=\"261\" height=\"188\" srcset=\"https:\/\/christlich-verliebt.de\/magazin\/wp-content\/uploads\/2021\/06\/der-2.-Advent-e1623307177463.jpg 308w, https:\/\/christlich-verliebt.de\/magazin\/wp-content\/uploads\/2021\/06\/der-2.-Advent-e1623307177463-300x216.jpg 300w\" sizes=\"auto, (max-width: 261px) 100vw, 261px\" \/><\/p>\n<p>Am 2. Advent wird die zweite Kerze am Adventkranz entz\u00fcndet. Der zweite Adventsonntag ist der Vorbereitung auf das Christkind gewidmet. Kurz nach dem 2. Advent wird am 6. Dezember der Tag des Heiligen Nikolaus gefeiert. Am 8. Dezember feiert die Kirche Maria Empf\u00e4ngnis. Das Fest der Empf\u00e4ngnis der Gottesmutter Maria bezieht sich auf die Empf\u00e4ngnis der Maria durch ihre Mutter Anna. 1708 weitet Clemens XI. das Fest Maria Empf\u00e4ngnis auf die gesamte katholische Kirche aus.<\/p>\n<p><img loading=\"lazy\" decoding=\"async\" class=\"wp-image-102 alignleft\" src=\"https:\/\/christlich-verliebt.de\/magazin\/wp-content\/uploads\/2021\/06\/der-3.-Advent-e1623307539373.jpg\" alt=\"der 3. Adventsonntag\" width=\"261\" height=\"183\" \/>Symbolisch ist der dritte Adventsonntag an der anderen Kerzenfarbe erkennbar, die nicht in Violett, der Farbe des Advents, sondern in Rosa gehalten ist. Damit wird die Vorfreude auf die nahende Geburt Jesu angedeutet. Die helle Farbe steht aber auch f\u00fcr die Freude an sich, wie sie f\u00fcr jeden Menschen erfahrbar und f\u00fcr ein gl\u00fcckliches, erf\u00fclltes Leben notwendig ist.<\/p>\n<p><img loading=\"lazy\" decoding=\"async\" class=\"wp-image-103 alignright\" src=\"https:\/\/christlich-verliebt.de\/magazin\/wp-content\/uploads\/2021\/06\/der-4.-Advent-e1623307691998.jpg\" alt=\"der 4. Adventsonntag\" width=\"253\" height=\"199\" srcset=\"https:\/\/christlich-verliebt.de\/magazin\/wp-content\/uploads\/2021\/06\/der-4.-Advent-e1623307691998.jpg 306w, https:\/\/christlich-verliebt.de\/magazin\/wp-content\/uploads\/2021\/06\/der-4.-Advent-e1623307691998-300x235.jpg 300w\" sizes=\"auto, (max-width: 253px) 100vw, 253px\" \/>Das Weihnachtsfest r\u00fcckt immer n\u00e4her und im Kalender ist der 4. Advent markiert. Am 4. Advent wird die vierte Kerze am Adventkranz entz\u00fcndet. Am 4. Adventsonntag ist die Vorfreude gro\u00df und die Gottesmutter Maria steht im Mittelpunkt. Der H\u00f6hepunkt der Adventzeit ist der 24. Dezember, der Heilige Abend. Der Name Weihnachten stammt aus dem Mittelhochdeutschen als man von der geweihten Nacht, der wihen nachte, sprach. Es wird die Geburt Christi, die Ankunft des Erl\u00f6sers gefeiert.<\/p>\n<h2>Gelebtes Brauchtum im Advent<\/h2>\n<p>In den vier Wochen vor <a href=\"https:\/\/christlich-verliebt.de\/magazin\/weihnachten\/\">Weihnachten<\/a> ist es in alpenl\u00e4ndischen Gebieten Brauch, auf Herbergssuche zu gehen, bei der die Wechselrede Josephs und Marias mit dem hartherzigen Wirt in Liederform nachvollzogen wird. In l\u00e4ndlichen Regionen wird auch heute noch das Frauentagen praktiziert. Ein Bild mit der Mutter Gottes oder der Heiligen Familie wird jeden Tag in ein anderes Haus getragen und es wird gemeinsam gebetet.<\/p>\n","protected":false},"excerpt":{"rendered":"<p>Der Advent beginnt mit dem Entz\u00fcnden der ersten Kerze am Adventkranz und erreicht seinen H\u00f6hepunkt am 24. Dezember, dem Tag der Geburt Jesu. Aber wie [&#8230;]<\/p>\n","protected":false},"author":2,"featured_media":96,"comment_status":"open","ping_status":"open","sticky":false,"template":"","format":"standard","meta":{"footnotes":""},"categories":[2],"tags":[],"class_list":["post-95","post","type-post","status-publish","format-standard","has-post-thumbnail","hentry","category-christliche-feiertage"],"aioseo_notices":[],"_links":{"self":[{"href":"https:\/\/christlich-verliebt.de\/magazin\/wp-json\/wp\/v2\/posts\/95","targetHints":{"allow":["GET"]}}],"collection":[{"href":"https:\/\/christlich-verliebt.de\/magazin\/wp-json\/wp\/v2\/posts"}],"about":[{"href":"https:\/\/christlich-verliebt.de\/magazin\/wp-json\/wp\/v2\/types\/post"}],"author":[{"embeddable":true,"href":"https:\/\/christlich-verliebt.de\/magazin\/wp-json\/wp\/v2\/users\/2"}],"replies":[{"embeddable":true,"href":"https:\/\/christlich-verliebt.de\/magazin\/wp-json\/wp\/v2\/comments?post=95"}],"version-history":[{"count":5,"href":"https:\/\/christlich-verliebt.de\/magazin\/wp-json\/wp\/v2\/posts\/95\/revisions"}],"predecessor-version":[{"id":253,"href":"https:\/\/christlich-verliebt.de\/magazin\/wp-json\/wp\/v2\/posts\/95\/revisions\/253"}],"wp:featuredmedia":[{"embeddable":true,"href":"https:\/\/christlich-verliebt.de\/magazin\/wp-json\/wp\/v2\/media\/96"}],"wp:attachment":[{"href":"https:\/\/christlich-verliebt.de\/magazin\/wp-json\/wp\/v2\/media?parent=95"}],"wp:term":[{"taxonomy":"category","embeddable":true,"href":"https:\/\/christlich-verliebt.de\/magazin\/wp-json\/wp\/v2\/categories?post=95"},{"taxonomy":"post_tag","embeddable":true,"href":"https:\/\/christlich-verliebt.de\/magazin\/wp-json\/wp\/v2\/tags?post=95"}],"curies":[{"name":"wp","href":"https:\/\/api.w.org\/{rel}","templated":true}]}}